{"id":2655,"date":"2024-03-04T16:53:20","date_gmt":"2024-03-04T15:53:20","guid":{"rendered":"https:\/\/www.dulacfarmaceutici.com\/it\/blog\/?p=1027"},"modified":"2025-03-21T11:10:31","modified_gmt":"2025-03-21T11:10:31","slug":"biotina-cosa-serve","status":"publish","type":"post","link":"https:\/\/www.dulacfarmaceutici.com\/it\/blog\/biotina-cosa-serve\/","title":{"rendered":"A cosa serve la biotina e perch\u00e9 \u00e8 importante per il corpo umano"},"content":{"rendered":"\t\t<div data-elementor-type=\"wp-post\" data-elementor-id=\"2655\" class=\"elementor elementor-2655\" data-elementor-post-type=\"post\">\n\t\t\t\t<div class=\"elementor-element elementor-element-14ecd809 e-flex e-con-boxed e-con e-parent\" data-id=\"14ecd809\" data-element_type=\"container\" data-e-type=\"container\">\n\t\t\t\t\t<div class=\"e-con-inner\">\n\t\t\t\t<div class=\"elementor-element elementor-element-345ebeac elementor-widget elementor-widget-text-editor\" data-id=\"345ebeac\" data-element_type=\"widget\" data-e-type=\"widget\" data-widget_type=\"text-editor.default\">\n\t\t\t\t<div class=\"elementor-widget-container\">\n\t\t\t\t\t\t\t\t\t\n<h2 id=\"h-il-ruolo-della-biotina-per-il-nostro-organismo\" class=\"wp-block-heading\">Il ruolo della biotina per il nostro organismo<\/h2>\n\n\n\n<p>La <strong><a href=\"https:\/\/www.dulacfarmaceutici.com\/it\/biotina-integratore-capelli\">Biotina<\/a><\/strong>, nota anche come vitamina B8, B7 o BH, \u00e8 una vitamina idrosolubile che svolge un ruolo cruciale nel <strong>metabolismo dei carboidrati, delle proteine \u200b\u200be dei grassi, <\/strong>contribuendo a diverse funzioni vitali nel corpo umano.<\/p>\n\n\n\n<p>In questo articolo, scopriremo<strong> a cosa serve la biotina <\/strong>e l&#8217;importanza di assicurare al nostro corpo un adeguato apporto di questa vitamina.<\/p>\n\n\n\n<h3 id=\"h-l-importanza-della-biotina-per-la-salute-della-pelle\" class=\"wp-block-heading\">L&#8217;importanza della biotina per la salute della pelle<\/h3>\n\n\n\n<p>Uno degli aspetti pi\u00f9 importanti della biotina \u00e8 il suo impatto sulla salute della pelle.<\/p>\n\n\n\n<p>Questa vitamina \u00e8 fondamentale per <strong>mantenere la pelle sana<\/strong>, poich\u00e9 coinvolta nel metabolismo dei lipidi che migliorano l&#8217;idratazione e la resistenza della pelle.<\/p>\n\n\n\n<p>Inoltre, la biotina \u00e8 coinvolta nella riparazione delle cellule cutanee, aiutando a ridurre problemi come secchezza, irritazioni e dermatiti.<\/p>\n\n\n\n<h3 id=\"h-la-biotina-per-capelli-sani-e-unghie-forti\" class=\"wp-block-heading\">La biotina per capelli sani e unghie forti<\/h3>\n\n\n\n<figure class=\"wp-block-image aligncenter size-full\"><img decoding=\"async\" class=\"wp-image-1042\" src=\"https:\/\/www.dulacfarmaceutici.com\/wp-content\/uploads\/2024\/03\/biotina-serve-per-capelli.jpg\" alt=\"biotina serve per capelli\" \/><\/figure>\n\n\n\n<p>La biotina svolge un ruolo chiave nella <strong>produzione di cheratina<\/strong>, una proteina essenziale per la struttura di capelli e unghie.<\/p>\n\n\n\n<p>Verificare l&#8217;apporto di vitamina B8 nella dieta pu\u00f2 quindi essere particolarmente utile per chi soffre di problemi come:<\/p>\n\n\n\n<ul class=\"wp-block-list\">\n<li>capelli fragili e spenti<\/li>\n\n\n\n<li>caduta dei capelli<\/li>\n\n\n\n<li>cuoio capelluto irritato<\/li>\n\n\n\n<li>unghie deboli, che si spezzano facilmente<\/li>\n<\/ul>\n\n\n\n<p>E altri disturbi correlati.<\/p>\n\n\n\n<p>Non a caso, la biotina \u00e8 uno dei componenti fondamentali degli <a href=\"https:\/\/www.dulacfarmaceutici.com\/it\/biotina-integratore-capelli\">integratori per capelli<\/a>, unghie e pelle.<\/p>\n\n\n\n<h3 id=\"h-biotina-e-metabolismo-energetico\" class=\"wp-block-heading\">Biotina e metabolismo energetico<\/h3>\n\n\n\n<p>La biotina \u00e8 coinvolta nel metabolismo energetico, ossia il processo di trasformazione e <strong>produzione di energia<\/strong> a partire dalle sostanze nutritive.<\/p>\n\n\n\n<p>Il suo coinvolgimento rende la vitamina B8 un nutriente cruciale per mantenere l&#8217;energia di cui l&#8217;organismo ha bisogno e per sostenere il corretto<strong> funzionamento del sistema nervoso<\/strong>.<\/p>\n\n\n\n<h2 id=\"h-come-mantenere-un-adeguato-apporto-di-biotina\" class=\"wp-block-heading\">Come mantenere un adeguato apporto di biotina<\/h2>\n\n\n\n<p>La biotina \u00e8 una vitamina idrosolubile che il nostro corpo pu\u00f2 produrre in autonomia &#8211; tramite la flora batterica intestinale &#8211; ed assimilare dai cibi.<\/p>\n\n\n\n<p>Per garantire un adeguato apporto di vitamina B8 al nostro organismo \u00e8 quindi molto importante includere nella dieta alimenti ricchi di questa vitamina.<\/p>\n\n\n\n<p>Tra gli <strong>alimenti pi\u00f9 ricchi di biotina <\/strong>troviamo:<\/p>\n\n\n\n<ul class=\"wp-block-list\">\n<li>latte e derivati<\/li>\n\n\n\n<li>tuorlo d&#8217;uovo<\/li>\n\n\n\n<li>fegato<\/li>\n\n\n\n<li>arachidi<\/li>\n\n\n\n<li>verdure a foglia verde<\/li>\n\n\n\n<li>funghi<\/li>\n<\/ul>\n\n\n\n<figure class=\"wp-block-image aligncenter size-full\"><img decoding=\"async\" class=\"wp-image-1045\" src=\"https:\/\/www.dulacfarmaceutici.com\/wp-content\/uploads\/2024\/03\/biotina-si-trova-nei-funghi.jpg\" alt=\"biotina serve al metabolismo energetico\" \/><\/figure>\n\n\n\n<p>Alimentarsi in maniera equilibrata aiuta ad evitare deficit nutrizionali.<\/p>\n\n\n\n<p>Alcuni fattori &#8211; ad esempio l&#8217;eccessiva assunzione di albume d&#8217;uovo, malattie genetiche e <a href=\"https:\/\/www.msdmanuals.com\/it-it\/casa\/disturbi-digestivi\/malassorbimento\/panoramica-sul-malassorbimento\">malassorbimento intestinale<\/a> &#8211; possono per\u00f2 causare una <strong>carenza di vitamina B8.<\/strong><\/p>\n\n\n\n<p>Questa problematica si manifesta con sintomi come affaticamento, problemi cardiaci, dermatiti, colesterolo alto e perdita di capelli.<\/p>\n\n\n\n<p>In questi casi, spesso si consiglia di assumere <a href=\"https:\/\/www.dulacfarmaceutici.com\/it\/biotina-integratore-capelli\">integratori di biotina<\/a> al fine di sopperire al pi\u00f9 presto alla carenza del nutriente.<\/p>\n\n\n\n<h3 id=\"h-in-conclusione\" class=\"wp-block-heading\">In conclusione<\/h3>\n\n\n\n<p>La biotina svolge un ruolo fondamentale per la salute generale dell&#8217;organismo: \u00e8 coinvolta nel metabolismo energetico, nella salute dei capelli, delle unghie, della pelle e del sistema nervoso.<\/p>\n\n\n\n<p>Sebbene la carenza di biotina sia rara, \u00e8 importante assicurarsi di soddisfare adeguatamente il fabbisogno giornaliero attraverso una <strong>dieta equilibrata<\/strong> o, se necessario, <strong>con l&#8217;integrazione.<\/strong><\/p>\n\n\n\n<p>Tuttavia, \u00e8 essenziale consultare un professionista della salute prima di apportare cambiamenti significativi alla propria dieta o di intraprendere l&#8217;uso di integratori.<\/p>\n\n\n\n<p>Mantenere il controllo della propria salute e adottare scelte alimentari oculate sono passi cruciali per garantire il benessere generale, sfruttando appieno i benefici della biotina e degli altri nutrienti.<\/p>\n\t\t\t\t\t\t\t\t<\/div>\n\t\t\t\t<\/div>\n\t\t\t\t\t<\/div>\n\t\t\t\t<\/div>\n\t\t\t\t<\/div>\n\t\t","protected":false},"excerpt":{"rendered":"<p>Il ruolo della biotina per il nostro organismo La Biotina, nota anche come vitamina B8, B7 o BH, \u00e8 una vitamina idrosolubile che svolge un ruolo cruciale nel metabolismo dei carboidrati, delle proteine \u200b\u200be dei grassi, contribuendo a diverse funzioni vitali nel corpo umano. In questo articolo, scopriremo a cosa serve la biotina e l&#8217;importanza [&hellip;]<\/p>\n","protected":false},"author":3,"featured_media":2750,"comment_status":"closed","ping_status":"closed","sticky":false,"template":"elementor_theme","format":"standard","meta":{"inline_featured_image":false,"footnotes":""},"categories":[43],"tags":[],"class_list":["post-2655","post","type-post","status-publish","format-standard","has-post-thumbnail","hentry","category-alimentazione-e-integratori"],"yoast_head":"<!-- This site is optimized with the Yoast SEO Premium plugin v26.3 (Yoast SEO v27.2) - https:\/\/yoast.com\/product\/yoast-seo-premium-wordpress\/ -->\n<title>Biotina: a cosa serve e perch\u00e9 \u00e8 importante<\/title>\n<meta name=\"description\" content=\"La biotina \u00e8 coinvolta nel metabolismo energetico, nella salute dei capelli, delle unghie, della pelle e del sistema nervoso.\" \/>\n<meta name=\"robots\" content=\"index, follow, max-snippet:-1, max-image-preview:large, max-video-preview:-1\" \/>\n<link rel=\"canonical\" href=\"https:\/\/www.dulacfarmaceutici.com\/it\/blog\/biotina-cosa-serve\/\" \/>\n<meta property=\"og:locale\" content=\"it_IT\" \/>\n<meta property=\"og:type\" content=\"article\" \/>\n<meta property=\"og:title\" content=\"A cosa serve la biotina e perch\u00e9 \u00e8 importante per il corpo umano\" \/>\n<meta property=\"og:description\" content=\"La biotina \u00e8 coinvolta nel metabolismo energetico, nella salute dei capelli, delle unghie, della pelle e del sistema nervoso.\" \/>\n<meta property=\"og:url\" content=\"https:\/\/www.dulacfarmaceutici.com\/it\/blog\/biotina-cosa-serve\/\" \/>\n<meta property=\"og:site_name\" content=\"Dulac\" \/>\n<meta property=\"article:publisher\" content=\"https:\/\/www.facebook.com\/DulacFarmaceutici1982\" \/>\n<meta property=\"article:published_time\" content=\"2024-03-04T15:53:20+00:00\" \/>\n<meta property=\"article:modified_time\" content=\"2025-03-21T11:10:31+00:00\" \/>\n<meta property=\"og:image\" content=\"https:\/\/www.dulacfarmaceutici.com\/wp-content\/uploads\/2024\/03\/biotina-a-cosa-serve.jpg\" \/>\n\t<meta property=\"og:image:width\" content=\"880\" \/>\n\t<meta property=\"og:image:height\" content=\"550\" \/>\n\t<meta property=\"og:image:type\" content=\"image\/jpeg\" \/>\n<meta name=\"author\" content=\"dulac\" \/>\n<meta name=\"twitter:card\" content=\"summary_large_image\" \/>\n<meta name=\"twitter:label1\" content=\"Scritto da\" \/>\n\t<meta name=\"twitter:data1\" content=\"dulac\" \/>\n\t<meta name=\"twitter:label2\" content=\"Tempo di lettura stimato\" \/>\n\t<meta name=\"twitter:data2\" content=\"4 minuti\" \/>\n<script type=\"application\/ld+json\" class=\"yoast-schema-graph\">{\"@context\":\"https:\/\/schema.org\",\"@graph\":[{\"@type\":\"Article\",\"@id\":\"https:\/\/www.dulacfarmaceutici.com\/it\/blog\/biotina-cosa-serve\/#article\",\"isPartOf\":{\"@id\":\"https:\/\/www.dulacfarmaceutici.com\/it\/blog\/biotina-cosa-serve\/\"},\"author\":{\"name\":\"dulac\",\"@id\":\"https:\/\/www.dulacfarmaceutici.com\/it\/#\/schema\/person\/1be77b470b9e59537623c37e84b45b59\"},\"headline\":\"A cosa serve la biotina e perch\u00e9 \u00e8 importante per il corpo umano\",\"datePublished\":\"2024-03-04T15:53:20+00:00\",\"dateModified\":\"2025-03-21T11:10:31+00:00\",\"mainEntityOfPage\":{\"@id\":\"https:\/\/www.dulacfarmaceutici.com\/it\/blog\/biotina-cosa-serve\/\"},\"wordCount\":532,\"publisher\":{\"@id\":\"https:\/\/www.dulacfarmaceutici.com\/it\/#organization\"},\"image\":{\"@id\":\"https:\/\/www.dulacfarmaceutici.com\/it\/blog\/biotina-cosa-serve\/#primaryimage\"},\"thumbnailUrl\":\"https:\/\/www.dulacfarmaceutici.com\/wp-content\/uploads\/2024\/03\/biotina-a-cosa-serve.jpg\",\"articleSection\":[\"Alimentazione e integratori\"],\"inLanguage\":\"it-IT\"},{\"@type\":\"WebPage\",\"@id\":\"https:\/\/www.dulacfarmaceutici.com\/it\/blog\/biotina-cosa-serve\/\",\"url\":\"https:\/\/www.dulacfarmaceutici.com\/it\/blog\/biotina-cosa-serve\/\",\"name\":\"Biotina: a cosa serve e perch\u00e9 \u00e8 importante\",\"isPartOf\":{\"@id\":\"https:\/\/www.dulacfarmaceutici.com\/it\/#website\"},\"primaryImageOfPage\":{\"@id\":\"https:\/\/www.dulacfarmaceutici.com\/it\/blog\/biotina-cosa-serve\/#primaryimage\"},\"image\":{\"@id\":\"https:\/\/www.dulacfarmaceutici.com\/it\/blog\/biotina-cosa-serve\/#primaryimage\"},\"thumbnailUrl\":\"https:\/\/www.dulacfarmaceutici.com\/wp-content\/uploads\/2024\/03\/biotina-a-cosa-serve.jpg\",\"datePublished\":\"2024-03-04T15:53:20+00:00\",\"dateModified\":\"2025-03-21T11:10:31+00:00\",\"description\":\"La biotina \u00e8 coinvolta nel metabolismo energetico, nella salute dei capelli, delle unghie, della pelle e del sistema nervoso.\",\"breadcrumb\":{\"@id\":\"https:\/\/www.dulacfarmaceutici.com\/it\/blog\/biotina-cosa-serve\/#breadcrumb\"},\"inLanguage\":\"it-IT\",\"potentialAction\":[{\"@type\":\"ReadAction\",\"target\":[\"https:\/\/www.dulacfarmaceutici.com\/it\/blog\/biotina-cosa-serve\/\"]}]},{\"@type\":\"ImageObject\",\"inLanguage\":\"it-IT\",\"@id\":\"https:\/\/www.dulacfarmaceutici.com\/it\/blog\/biotina-cosa-serve\/#primaryimage\",\"url\":\"https:\/\/www.dulacfarmaceutici.com\/wp-content\/uploads\/2024\/03\/biotina-a-cosa-serve.jpg\",\"contentUrl\":\"https:\/\/www.dulacfarmaceutici.com\/wp-content\/uploads\/2024\/03\/biotina-a-cosa-serve.jpg\",\"width\":880,\"height\":550,\"caption\":\"biotina a cosa serve\"},{\"@type\":\"BreadcrumbList\",\"@id\":\"https:\/\/www.dulacfarmaceutici.com\/it\/blog\/biotina-cosa-serve\/#breadcrumb\",\"itemListElement\":[{\"@type\":\"ListItem\",\"position\":1,\"name\":\"Home\",\"item\":\"https:\/\/www.dulacfarmaceutici.com\/it\/\"},{\"@type\":\"ListItem\",\"position\":2,\"name\":\"A cosa serve la biotina e perch\u00e9 \u00e8 importante per il corpo umano\"}]},{\"@type\":\"WebSite\",\"@id\":\"https:\/\/www.dulacfarmaceutici.com\/it\/#website\",\"url\":\"https:\/\/www.dulacfarmaceutici.com\/it\/\",\"name\":\"DuLac\",\"description\":\"Farmaceutici\",\"publisher\":{\"@id\":\"https:\/\/www.dulacfarmaceutici.com\/it\/#organization\"},\"potentialAction\":[{\"@type\":\"SearchAction\",\"target\":{\"@type\":\"EntryPoint\",\"urlTemplate\":\"https:\/\/www.dulacfarmaceutici.com\/it\/?s={search_term_string}\"},\"query-input\":{\"@type\":\"PropertyValueSpecification\",\"valueRequired\":true,\"valueName\":\"search_term_string\"}}],\"inLanguage\":\"it-IT\"},{\"@type\":\"Organization\",\"@id\":\"https:\/\/www.dulacfarmaceutici.com\/it\/#organization\",\"name\":\"DuLac\",\"url\":\"https:\/\/www.dulacfarmaceutici.com\/it\/\",\"logo\":{\"@type\":\"ImageObject\",\"inLanguage\":\"it-IT\",\"@id\":\"https:\/\/www.dulacfarmaceutici.com\/it\/#\/schema\/logo\/image\/\",\"url\":\"https:\/\/www.dulacfarmaceutici.com\/wp-content\/uploads\/2024\/12\/DuLac-Logo.svg\",\"contentUrl\":\"https:\/\/www.dulacfarmaceutici.com\/wp-content\/uploads\/2024\/12\/DuLac-Logo.svg\",\"width\":453,\"height\":166,\"caption\":\"DuLac\"},\"image\":{\"@id\":\"https:\/\/www.dulacfarmaceutici.com\/it\/#\/schema\/logo\/image\/\"},\"sameAs\":[\"https:\/\/www.facebook.com\/DulacFarmaceutici1982\",\"https:\/\/www.instagram.com\/dulacfarmaceutici1982\/\"]},{\"@type\":\"Person\",\"@id\":\"https:\/\/www.dulacfarmaceutici.com\/it\/#\/schema\/person\/1be77b470b9e59537623c37e84b45b59\",\"name\":\"dulac\",\"image\":{\"@type\":\"ImageObject\",\"inLanguage\":\"it-IT\",\"@id\":\"https:\/\/secure.gravatar.com\/avatar\/d3c5abc6147636b5c09fe7c088fb6ba34e857e6e26413f7c3afd52798d66fcf3?s=96&d=mm&r=g\",\"url\":\"https:\/\/secure.gravatar.com\/avatar\/d3c5abc6147636b5c09fe7c088fb6ba34e857e6e26413f7c3afd52798d66fcf3?s=96&d=mm&r=g\",\"contentUrl\":\"https:\/\/secure.gravatar.com\/avatar\/d3c5abc6147636b5c09fe7c088fb6ba34e857e6e26413f7c3afd52798d66fcf3?s=96&d=mm&r=g\",\"caption\":\"dulac\"},\"url\":\"https:\/\/www.dulacfarmaceutici.com\/it\/blog\/author\/dulac\/\"}]}<\/script>\n<!-- \/ Yoast SEO Premium plugin. -->","yoast_head_json":{"title":"Biotina: a cosa serve e perch\u00e9 \u00e8 importante","description":"La biotina \u00e8 coinvolta nel metabolismo energetico, nella salute dei capelli, delle unghie, della pelle e del sistema nervoso.","robots":{"index":"index","follow":"follow","max-snippet":"max-snippet:-1","max-image-preview":"max-image-preview:large","max-video-preview":"max-video-preview:-1"},"canonical":"https:\/\/www.dulacfarmaceutici.com\/it\/blog\/biotina-cosa-serve\/","og_locale":"it_IT","og_type":"article","og_title":"A cosa serve la biotina e perch\u00e9 \u00e8 importante per il corpo umano","og_description":"La biotina \u00e8 coinvolta nel metabolismo energetico, nella salute dei capelli, delle unghie, della pelle e del sistema nervoso.","og_url":"https:\/\/www.dulacfarmaceutici.com\/it\/blog\/biotina-cosa-serve\/","og_site_name":"Dulac","article_publisher":"https:\/\/www.facebook.com\/DulacFarmaceutici1982","article_published_time":"2024-03-04T15:53:20+00:00","article_modified_time":"2025-03-21T11:10:31+00:00","og_image":[{"width":880,"height":550,"url":"https:\/\/www.dulacfarmaceutici.com\/wp-content\/uploads\/2024\/03\/biotina-a-cosa-serve.jpg","type":"image\/jpeg"}],"author":"dulac","twitter_card":"summary_large_image","twitter_misc":{"Scritto da":"dulac","Tempo di lettura stimato":"4 minuti"},"schema":{"@context":"https:\/\/schema.org","@graph":[{"@type":"Article","@id":"https:\/\/www.dulacfarmaceutici.com\/it\/blog\/biotina-cosa-serve\/#article","isPartOf":{"@id":"https:\/\/www.dulacfarmaceutici.com\/it\/blog\/biotina-cosa-serve\/"},"author":{"name":"dulac","@id":"https:\/\/www.dulacfarmaceutici.com\/it\/#\/schema\/person\/1be77b470b9e59537623c37e84b45b59"},"headline":"A cosa serve la biotina e perch\u00e9 \u00e8 importante per il corpo umano","datePublished":"2024-03-04T15:53:20+00:00","dateModified":"2025-03-21T11:10:31+00:00","mainEntityOfPage":{"@id":"https:\/\/www.dulacfarmaceutici.com\/it\/blog\/biotina-cosa-serve\/"},"wordCount":532,"publisher":{"@id":"https:\/\/www.dulacfarmaceutici.com\/it\/#organization"},"image":{"@id":"https:\/\/www.dulacfarmaceutici.com\/it\/blog\/biotina-cosa-serve\/#primaryimage"},"thumbnailUrl":"https:\/\/www.dulacfarmaceutici.com\/wp-content\/uploads\/2024\/03\/biotina-a-cosa-serve.jpg","articleSection":["Alimentazione e integratori"],"inLanguage":"it-IT"},{"@type":"WebPage","@id":"https:\/\/www.dulacfarmaceutici.com\/it\/blog\/biotina-cosa-serve\/","url":"https:\/\/www.dulacfarmaceutici.com\/it\/blog\/biotina-cosa-serve\/","name":"Biotina: a cosa serve e perch\u00e9 \u00e8 importante","isPartOf":{"@id":"https:\/\/www.dulacfarmaceutici.com\/it\/#website"},"primaryImageOfPage":{"@id":"https:\/\/www.dulacfarmaceutici.com\/it\/blog\/biotina-cosa-serve\/#primaryimage"},"image":{"@id":"https:\/\/www.dulacfarmaceutici.com\/it\/blog\/biotina-cosa-serve\/#primaryimage"},"thumbnailUrl":"https:\/\/www.dulacfarmaceutici.com\/wp-content\/uploads\/2024\/03\/biotina-a-cosa-serve.jpg","datePublished":"2024-03-04T15:53:20+00:00","dateModified":"2025-03-21T11:10:31+00:00","description":"La biotina \u00e8 coinvolta nel metabolismo energetico, nella salute dei capelli, delle unghie, della pelle e del sistema nervoso.","breadcrumb":{"@id":"https:\/\/www.dulacfarmaceutici.com\/it\/blog\/biotina-cosa-serve\/#breadcrumb"},"inLanguage":"it-IT","potentialAction":[{"@type":"ReadAction","target":["https:\/\/www.dulacfarmaceutici.com\/it\/blog\/biotina-cosa-serve\/"]}]},{"@type":"ImageObject","inLanguage":"it-IT","@id":"https:\/\/www.dulacfarmaceutici.com\/it\/blog\/biotina-cosa-serve\/#primaryimage","url":"https:\/\/www.dulacfarmaceutici.com\/wp-content\/uploads\/2024\/03\/biotina-a-cosa-serve.jpg","contentUrl":"https:\/\/www.dulacfarmaceutici.com\/wp-content\/uploads\/2024\/03\/biotina-a-cosa-serve.jpg","width":880,"height":550,"caption":"biotina a cosa serve"},{"@type":"BreadcrumbList","@id":"https:\/\/www.dulacfarmaceutici.com\/it\/blog\/biotina-cosa-serve\/#breadcrumb","itemListElement":[{"@type":"ListItem","position":1,"name":"Home","item":"https:\/\/www.dulacfarmaceutici.com\/it\/"},{"@type":"ListItem","position":2,"name":"A cosa serve la biotina e perch\u00e9 \u00e8 importante per il corpo umano"}]},{"@type":"WebSite","@id":"https:\/\/www.dulacfarmaceutici.com\/it\/#website","url":"https:\/\/www.dulacfarmaceutici.com\/it\/","name":"DuLac","description":"Farmaceutici","publisher":{"@id":"https:\/\/www.dulacfarmaceutici.com\/it\/#organization"},"potentialAction":[{"@type":"SearchAction","target":{"@type":"EntryPoint","urlTemplate":"https:\/\/www.dulacfarmaceutici.com\/it\/?s={search_term_string}"},"query-input":{"@type":"PropertyValueSpecification","valueRequired":true,"valueName":"search_term_string"}}],"inLanguage":"it-IT"},{"@type":"Organization","@id":"https:\/\/www.dulacfarmaceutici.com\/it\/#organization","name":"DuLac","url":"https:\/\/www.dulacfarmaceutici.com\/it\/","logo":{"@type":"ImageObject","inLanguage":"it-IT","@id":"https:\/\/www.dulacfarmaceutici.com\/it\/#\/schema\/logo\/image\/","url":"https:\/\/www.dulacfarmaceutici.com\/wp-content\/uploads\/2024\/12\/DuLac-Logo.svg","contentUrl":"https:\/\/www.dulacfarmaceutici.com\/wp-content\/uploads\/2024\/12\/DuLac-Logo.svg","width":453,"height":166,"caption":"DuLac"},"image":{"@id":"https:\/\/www.dulacfarmaceutici.com\/it\/#\/schema\/logo\/image\/"},"sameAs":["https:\/\/www.facebook.com\/DulacFarmaceutici1982","https:\/\/www.instagram.com\/dulacfarmaceutici1982\/"]},{"@type":"Person","@id":"https:\/\/www.dulacfarmaceutici.com\/it\/#\/schema\/person\/1be77b470b9e59537623c37e84b45b59","name":"dulac","image":{"@type":"ImageObject","inLanguage":"it-IT","@id":"https:\/\/secure.gravatar.com\/avatar\/d3c5abc6147636b5c09fe7c088fb6ba34e857e6e26413f7c3afd52798d66fcf3?s=96&d=mm&r=g","url":"https:\/\/secure.gravatar.com\/avatar\/d3c5abc6147636b5c09fe7c088fb6ba34e857e6e26413f7c3afd52798d66fcf3?s=96&d=mm&r=g","contentUrl":"https:\/\/secure.gravatar.com\/avatar\/d3c5abc6147636b5c09fe7c088fb6ba34e857e6e26413f7c3afd52798d66fcf3?s=96&d=mm&r=g","caption":"dulac"},"url":"https:\/\/www.dulacfarmaceutici.com\/it\/blog\/author\/dulac\/"}]}},"_links":{"self":[{"href":"https:\/\/www.dulacfarmaceutici.com\/it\/wp-json\/wp\/v2\/posts\/2655","targetHints":{"allow":["GET"]}}],"collection":[{"href":"https:\/\/www.dulacfarmaceutici.com\/it\/wp-json\/wp\/v2\/posts"}],"about":[{"href":"https:\/\/www.dulacfarmaceutici.com\/it\/wp-json\/wp\/v2\/types\/post"}],"author":[{"embeddable":true,"href":"https:\/\/www.dulacfarmaceutici.com\/it\/wp-json\/wp\/v2\/users\/3"}],"replies":[{"embeddable":true,"href":"https:\/\/www.dulacfarmaceutici.com\/it\/wp-json\/wp\/v2\/comments?post=2655"}],"version-history":[{"count":4,"href":"https:\/\/www.dulacfarmaceutici.com\/it\/wp-json\/wp\/v2\/posts\/2655\/revisions"}],"predecessor-version":[{"id":14394,"href":"https:\/\/www.dulacfarmaceutici.com\/it\/wp-json\/wp\/v2\/posts\/2655\/revisions\/14394"}],"wp:featuredmedia":[{"embeddable":true,"href":"https:\/\/www.dulacfarmaceutici.com\/it\/wp-json\/wp\/v2\/media\/2750"}],"wp:attachment":[{"href":"https:\/\/www.dulacfarmaceutici.com\/it\/wp-json\/wp\/v2\/media?parent=2655"}],"wp:term":[{"taxonomy":"category","embeddable":true,"href":"https:\/\/www.dulacfarmaceutici.com\/it\/wp-json\/wp\/v2\/categories?post=2655"},{"taxonomy":"post_tag","embeddable":true,"href":"https:\/\/www.dulacfarmaceutici.com\/it\/wp-json\/wp\/v2\/tags?post=2655"}],"curies":[{"name":"wp","href":"https:\/\/api.w.org\/{rel}","templated":true}]}}